{"id":1219,"date":"2019-12-28T20:09:22","date_gmt":"2019-12-28T19:09:22","guid":{"rendered":"https:\/\/www.jka-shokukai.de\/?p=1219"},"modified":"2025-02-24T10:05:32","modified_gmt":"2025-02-24T09:05:32","slug":"dan-und-lizenzpruefungen-bei-shiina-sensei-in-rumaenien","status":"publish","type":"post","link":"https:\/\/www.jka-shokukai.de\/index.php\/2019\/12\/28\/dan-und-lizenzpruefungen-bei-shiina-sensei-in-rumaenien\/","title":{"rendered":"JKA Dan &#038; Lizenzen bei Shiina Sensei"},"content":{"rendered":"<h1 style=\"text-align: center;\">Lollarer Karateka bestehen Pr\u00fcfungen in Rum\u00e4nien<\/h1>\n<p>\u00dcber das Nikolauswochenende sind elf Karateka des Karate Dojo Lollar nach Rum\u00e4nien gereist und haben dort vor dem japanischem Sensei Shiina Shihan (7.Dan) ihre Pr\u00fcfungen abgelegt.<\/p>\n<p><img loading=\"lazy\" decoding=\"async\" class=\"wp-image-1222 aligncenter\" src=\"https:\/\/www.jka-shokukai.de\/wp-content\/uploads\/2019\/12\/417425_web.jpg\" alt=\"\" width=\"490\" height=\"367\" \/><\/p>\n<p>Tatjana Gildt besteht die Pr\u00fcfung zum 1.Dan, Vicy Klis erk\u00e4mpft sich den 2. Dan. Isabelle Fuchs, Pascal Boucsin und Vicy Klis absolvierten zudem erfolgreich die Pr\u00fcfungen f\u00fcr die D-Lizenz als Instruktoren, sowie Kampfrichter.<\/p>\n<p><img loading=\"lazy\" decoding=\"async\" class=\"wp-image-1220 aligncenter\" src=\"https:\/\/www.jka-shokukai.de\/wp-content\/uploads\/2019\/12\/417423_web.jpg\" alt=\"\" width=\"190\" height=\"392\" \/><\/p>\n<p>Bevor die Karateka allerdings zu ihren Pr\u00fcfungen antreten, liegen einige harte Trainingseinheiten vor ihnen. Nach der Anreise am Donnerstag und einem noch entspannten Abend auf dem Weihnachtsmarkt, geht es am Freitagmorgen mit dem Training los. Eingeteilt in Unter- und Oberstufe, widmet sich der japanische Meister den Trainierenden. Schwerpunkt bei Sensei Shiina war die richtige Rhythmik, sowie die korrekte Atemweise w\u00e4hrend der zu lernenden Abl\u00e4ufe. Der gesamte Samstag besteht bis zu den Pr\u00fcfungen am sp\u00e4ten Nachmittag ebenfalls aus viel Training.<\/p>\n<p><img loading=\"lazy\" decoding=\"async\" class=\"size-full wp-image-1221 aligncenter\" src=\"https:\/\/www.jka-shokukai.de\/wp-content\/uploads\/2019\/12\/417424_web.jpg\" alt=\"\" width=\"600\" height=\"338\" \/><br \/>\nDie Pr\u00fcflinge waren bereits vor der Pr\u00fcfung durch das harte Training stark beansprucht. Sie waren aber trotzdem in der Lage ihr Bestes zu zeigen. Auch aus dem Boden ragende N\u00e4gel, die Wunden hervorriefen oder weitere Verletzung w\u00e4hrend der K\u00e4mpfe, konnten die Lollarer nicht von ihrem Ziel abbringen.<\/p>\n<p>Das Karate Dojo Lollar begl\u00fcckw\u00fcnscht alle erfolgreichen Pr\u00fcflinge und ist stolz, solch erfolgreiche Kampfsportler in ihren Reihen zu haben.<\/p>\n","protected":false},"excerpt":{"rendered":"<p>Lollarer Karateka bestehen Pr\u00fcfungen in Rum\u00e4nien \u00dcber das Nikolauswochenende sind elf Karateka des Karate Dojo Lollar nach Rum\u00e4nien gereist und haben dort vor dem japanischem Sensei Shiina Shihan (7.Dan) ihre Pr\u00fcfungen abgelegt. Tatjana Gildt besteht die Pr\u00fcfung zum 1.Dan, Vicy Klis erk\u00e4mpft sich den 2. Dan. Isabelle Fuchs, Pascal Boucsin und Vicy Klis absolvierten zudem erfolgreich die Pr\u00fcfungen f\u00fcr die D-Lizenz als Instruktoren, sowie <a class=\"read-more\" href=\"https:\/\/www.jka-shokukai.de\/index.php\/2019\/12\/28\/dan-und-lizenzpruefungen-bei-shiina-sensei-in-rumaenien\/\">read more | mehr&#8230;<\/a><\/p>\n","protected":false},"author":2,"featured_media":1231,"comment_status":"closed","ping_status":"closed","sticky":false,"template":"","format":"standard","meta":{"footnotes":""},"categories":[1],"tags":[19,16,36,58,70],"class_list":["post-1219","post","type-post","status-publish","format-standard","has-post-thumbnail","hentry","category-allgemein","tag-jka","tag-jka-karate","tag-jka-seminar","tag-jka-shokukai","tag-shiina-sensei","list-bigimage-post"],"aioseo_notices":[],"_links":{"self":[{"href":"https:\/\/www.jka-shokukai.de\/index.php\/wp-json\/wp\/v2\/posts\/1219","targetHints":{"allow":["GET"]}}],"collection":[{"href":"https:\/\/www.jka-shokukai.de\/index.php\/wp-json\/wp\/v2\/posts"}],"about":[{"href":"https:\/\/www.jka-shokukai.de\/index.php\/wp-json\/wp\/v2\/types\/post"}],"author":[{"embeddable":true,"href":"https:\/\/www.jka-shokukai.de\/index.php\/wp-json\/wp\/v2\/users\/2"}],"replies":[{"embeddable":true,"href":"https:\/\/www.jka-shokukai.de\/index.php\/wp-json\/wp\/v2\/comments?post=1219"}],"version-history":[{"count":9,"href":"https:\/\/www.jka-shokukai.de\/index.php\/wp-json\/wp\/v2\/posts\/1219\/revisions"}],"predecessor-version":[{"id":2744,"href":"https:\/\/www.jka-shokukai.de\/index.php\/wp-json\/wp\/v2\/posts\/1219\/revisions\/2744"}],"wp:featuredmedia":[{"embeddable":true,"href":"https:\/\/www.jka-shokukai.de\/index.php\/wp-json\/wp\/v2\/media\/1231"}],"wp:attachment":[{"href":"https:\/\/www.jka-shokukai.de\/index.php\/wp-json\/wp\/v2\/media?parent=1219"}],"wp:term":[{"taxonomy":"category","embeddable":true,"href":"https:\/\/www.jka-shokukai.de\/index.php\/wp-json\/wp\/v2\/categories?post=1219"},{"taxonomy":"post_tag","embeddable":true,"href":"https:\/\/www.jka-shokukai.de\/index.php\/wp-json\/wp\/v2\/tags?post=1219"}],"curies":[{"name":"wp","href":"https:\/\/api.w.org\/{rel}","templated":true}]}}